{"id":6566,"date":"2018-11-28T07:51:25","date_gmt":"2018-11-28T04:51:25","guid":{"rendered":"http:\/\/www.ttistanbulspor.org\/?p=6566"},"modified":"2021-12-26T13:26:29","modified_gmt":"2021-12-26T10:26:29","slug":"istanbul-bolge-mudurlugu-kuzu-yayla-ormanya-gezisinde","status":"publish","type":"post","link":"https:\/\/www.ttistanbulspor.org\/index.php\/2018\/11\/28\/istanbul-bolge-mudurlugu-kuzu-yayla-ormanya-gezisinde\/","title":{"rendered":"\u0130stanbul B\u00f6lge M\u00fcd\u00fcrl\u00fc\u011f\u00fc Kuzu Yayla &#8211; Ormanya gezisinde"},"content":{"rendered":"<p><span style=\"color: #000000; font-family: Calibri;\">De\u011ferli \u00c7al\u0131\u015fma Arkada\u015flar\u0131m\u0131z,<\/span><\/p>\n<p><span style=\"color: #000000; font-family: Calibri;\">\u0130stanbul B\u00f6lge M\u00fcd\u00fcrl\u00fc\u011f\u00fcnden arkada\u015flar\u0131m\u0131z\u0131n Do\u011fa y\u00fcr\u00fcy\u00fc\u015f\u00fc etkinlikleri kapsam\u0131nda bu defa Kuzu Yayla \u2013 Ormanya\u2019da bulu\u015ftu\u011funu sizlerle payla\u015fmak istiyoruz.<\/span><\/p>\n<p><span style=\"color: #000000; font-family: Calibri;\">\u0130stanbul\u2019un yak\u0131n \u00e7evresindeki Kartepe giri\u015finde g\u00fczel bir mek\u00e2ndaki \u00e7ay molas\u0131n\u0131n ard\u0131ndan, sonbahar manzaras\u0131 ve temiz hava e\u015fli\u011finde ilk parkur olan Kuzu Yayla rotas\u0131 hafif ini\u015f &#8211; \u00e7\u0131k\u0131\u015flarla tamamland\u0131. Son parkur olan Ormanya\u2019da ise orman i\u00e7i y\u00fcr\u00fcy\u00fc\u015f ile \u00c7ocuk Hayvanat Bah\u00e7esi ve Vah\u015fi Ya\u015fam alan\u0131 ziyaretiyle etkinlik tamamland\u0131<\/span><\/p>\n<p><span style=\"color: #000000; font-family: Calibri;\">Yakla\u015f\u0131k 12 km\u2019lik y\u00fcr\u00fcy\u00fc\u015f parkurunda kat\u0131l\u0131mc\u0131 arkada\u015flar\u0131m\u0131z ve yak\u0131nlar\u0131 g\u00fczel havan\u0131n tad\u0131n\u0131 doyas\u0131ya \u00e7\u0131kar\u0131rken, rehberimizin anlat\u0131m\u0131yla da bilgi sahibi olmu\u015flard\u0131r\u2026<\/span><\/p>\n<p><span style=\"color: #000000; font-family: Calibri;\">T\u00fcm kat\u0131l\u0131mc\u0131lara ve eme\u011fi ge\u00e7en herkese te\u015fekk\u00fcr ederiz.<\/span><\/p>\n<p>&nbsp;<\/p>\n<p>\r\n\t\t\t\t\t\n\r\n\t\t\t\t\t<!-- START UNITE GALLERY LITE 1.7.54 -->\r\n\t\t\t\t\t\r\n\t\t\t\t\n\t\t\t<div id='unitegallery_34_1' class='unite-gallery' style='margin:0px auto;'>\n\t\t\t\t\n\n\t\t\t\t\t\t<img alt=\"1\"\n\t\t\t\t\t\t     src=\"\" data-image=\"https:\/\/www.ttistanbulspor.org\/wp-content\/uploads\/2018\/11\/1-1.jpg\"\n\t\t\t\t\t\t     data-thumb=\"https:\/\/www.ttistanbulspor.org\/wp-content\/uploads\/2018\/11\/1-1-300x199.jpg\"\n\t\t\t\t\t\t     title=\"\"\n\t\t\t\t\t\t     style=\"display:none\">\n\n\t\t\t\t\t\t<img alt=\"4\"\n\t\t\t\t\t\t     src=\"\" data-image=\"https:\/\/www.ttistanbulspor.org\/wp-content\/uploads\/2018\/11\/4.jpg\"\n\t\t\t\t\t\t     data-thumb=\"https:\/\/www.ttistanbulspor.org\/wp-content\/uploads\/2018\/11\/4-300x199.jpg\"\n\t\t\t\t\t\t     title=\"\"\n\t\t\t\t\t\t     style=\"display:none\">\n\n\t\t\t\t\t\t<img alt=\"5\"\n\t\t\t\t\t\t     src=\"\" data-image=\"https:\/\/www.ttistanbulspor.org\/wp-content\/uploads\/2018\/11\/5.jpg\"\n\t\t\t\t\t\t     data-thumb=\"https:\/\/www.ttistanbulspor.org\/wp-content\/uploads\/2018\/11\/5-300x199.jpg\"\n\t\t\t\t\t\t     title=\"\"\n\t\t\t\t\t\t     style=\"display:none\">\n\n\t\t\t\t\t\t<img alt=\"8\"\n\t\t\t\t\t\t     src=\"\" data-image=\"https:\/\/www.ttistanbulspor.org\/wp-content\/uploads\/2018\/11\/8.jpg\"\n\t\t\t\t\t\t     data-thumb=\"https:\/\/www.ttistanbulspor.org\/wp-content\/uploads\/2018\/11\/8-300x199.jpg\"\n\t\t\t\t\t\t     title=\"\"\n\t\t\t\t\t\t     style=\"display:none\">\n\n\t\t\t\t\t\t<img alt=\"10\"\n\t\t\t\t\t\t     src=\"\" data-image=\"https:\/\/www.ttistanbulspor.org\/wp-content\/uploads\/2018\/11\/10.jpg\"\n\t\t\t\t\t\t     data-thumb=\"https:\/\/www.ttistanbulspor.org\/wp-content\/uploads\/2018\/11\/10-300x199.jpg\"\n\t\t\t\t\t\t     title=\"\"\n\t\t\t\t\t\t     style=\"display:none\">\n\n\t\t\t\t\t\t<img alt=\"11\"\n\t\t\t\t\t\t     src=\"\" data-image=\"https:\/\/www.ttistanbulspor.org\/wp-content\/uploads\/2018\/11\/11.jpg\"\n\t\t\t\t\t\t     data-thumb=\"https:\/\/www.ttistanbulspor.org\/wp-content\/uploads\/2018\/11\/11-300x199.jpg\"\n\t\t\t\t\t\t     title=\"\"\n\t\t\t\t\t\t     style=\"display:none\">\n\n\t\t\t\t\t\t<img alt=\"12\"\n\t\t\t\t\t\t     src=\"\" data-image=\"https:\/\/www.ttistanbulspor.org\/wp-content\/uploads\/2018\/11\/12.jpg\"\n\t\t\t\t\t\t     data-thumb=\"https:\/\/www.ttistanbulspor.org\/wp-content\/uploads\/2018\/11\/12-300x199.jpg\"\n\t\t\t\t\t\t     title=\"\"\n\t\t\t\t\t\t     style=\"display:none\">\n\n\t\t\t\t\t\t<img alt=\"13\"\n\t\t\t\t\t\t     src=\"\" data-image=\"https:\/\/www.ttistanbulspor.org\/wp-content\/uploads\/2018\/11\/13.jpg\"\n\t\t\t\t\t\t     data-thumb=\"https:\/\/www.ttistanbulspor.org\/wp-content\/uploads\/2018\/11\/13-300x199.jpg\"\n\t\t\t\t\t\t     title=\"\"\n\t\t\t\t\t\t     style=\"display:none\">\n\n\t\t\t\t\t\t<img alt=\"16\"\n\t\t\t\t\t\t     src=\"\" data-image=\"https:\/\/www.ttistanbulspor.org\/wp-content\/uploads\/2018\/11\/16.jpg\"\n\t\t\t\t\t\t     data-thumb=\"https:\/\/www.ttistanbulspor.org\/wp-content\/uploads\/2018\/11\/16-300x199.jpg\"\n\t\t\t\t\t\t     title=\"\"\n\t\t\t\t\t\t     style=\"display:none\">\n\n\t\t\t\t\t\t<img alt=\"17\"\n\t\t\t\t\t\t     src=\"\" data-image=\"https:\/\/www.ttistanbulspor.org\/wp-content\/uploads\/2018\/11\/17.jpg\"\n\t\t\t\t\t\t     data-thumb=\"https:\/\/www.ttistanbulspor.org\/wp-content\/uploads\/2018\/11\/17-300x199.jpg\"\n\t\t\t\t\t\t     title=\"\"\n\t\t\t\t\t\t     style=\"display:none\">\n\t\t\t<\/div>\n\n\t\t\t<script type='text\/javascript'>\n\t\t\t\twindow.onload = function(e) {\n\t\t\t\t\tif(typeof ugCheckForErrors == \"undefined\"){\n\t\t\t\t\t\tdocument.getElementById(\"unitegallery_34_1\").innerHTML = \"<span style='color:red'>Unite Gallery Error - gallery js and css files not included in the footer. Please make sure that wp_footer() function is added to your theme.<\/span>\";}\n\t\t\t\t\telse{ ugCheckForErrors(\"unitegallery_34_1\", \"jquery\");}\n\t\t\t\t};\n\t\t\t<\/script>\n\n\t\t\t<!-- END UNITEGALLERY LITE--><\/p>\n<p>&nbsp;<\/p>\n","protected":false},"excerpt":{"rendered":"<p>De\u011ferli \u00c7al\u0131\u015fma Arkada\u015flar\u0131m\u0131z, \u0130stanbul B\u00f6lge M\u00fcd\u00fcrl\u00fc\u011f\u00fcnden arkada\u015flar\u0131m\u0131z\u0131n Do\u011fa y\u00fcr\u00fcy\u00fc\u015f\u00fc etkinlikleri kapsam\u0131nda bu defa Kuzu Yayla [&#8230;]<\/p>\n","protected":false},"author":1,"featured_media":6570,"comment_status":"open","ping_status":"open","sticky":false,"template":"","format":"standard","meta":{"footnotes":""},"categories":[771],"tags":[],"class_list":["post-6566","post","type-post","status-publish","format-standard","has-post-thumbnail","hentry","category-arsivimiz"],"_links":{"self":[{"href":"https:\/\/www.ttistanbulspor.org\/index.php\/wp-json\/wp\/v2\/posts\/6566","targetHints":{"allow":["GET"]}}],"collection":[{"href":"https:\/\/www.ttistanbulspor.org\/index.php\/wp-json\/wp\/v2\/posts"}],"about":[{"href":"https:\/\/www.ttistanbulspor.org\/index.php\/wp-json\/wp\/v2\/types\/post"}],"author":[{"embeddable":true,"href":"https:\/\/www.ttistanbulspor.org\/index.php\/wp-json\/wp\/v2\/users\/1"}],"replies":[{"embeddable":true,"href":"https:\/\/www.ttistanbulspor.org\/index.php\/wp-json\/wp\/v2\/comments?post=6566"}],"version-history":[{"count":6,"href":"https:\/\/www.ttistanbulspor.org\/index.php\/wp-json\/wp\/v2\/posts\/6566\/revisions"}],"predecessor-version":[{"id":6587,"href":"https:\/\/www.ttistanbulspor.org\/index.php\/wp-json\/wp\/v2\/posts\/6566\/revisions\/6587"}],"wp:featuredmedia":[{"embeddable":true,"href":"https:\/\/www.ttistanbulspor.org\/index.php\/wp-json\/wp\/v2\/media\/6570"}],"wp:attachment":[{"href":"https:\/\/www.ttistanbulspor.org\/index.php\/wp-json\/wp\/v2\/media?parent=6566"}],"wp:term":[{"taxonomy":"category","embeddable":true,"href":"https:\/\/www.ttistanbulspor.org\/index.php\/wp-json\/wp\/v2\/categories?post=6566"},{"taxonomy":"post_tag","embeddable":true,"href":"https:\/\/www.ttistanbulspor.org\/index.php\/wp-json\/wp\/v2\/tags?post=6566"}],"curies":[{"name":"wp","href":"https:\/\/api.w.org\/{rel}","templated":true}]}}