{"id":6507,"date":"2018-10-08T15:04:58","date_gmt":"2018-10-08T12:04:58","guid":{"rendered":"http:\/\/www.ttistanbulspor.org\/?p=6507"},"modified":"2021-12-24T13:14:54","modified_gmt":"2021-12-24T10:14:54","slug":"istanbul-bolge-kalbin-icin-pedalla-turunda-bulustu","status":"publish","type":"post","link":"https:\/\/www.ttistanbulspor.org\/index.php\/2018\/10\/08\/istanbul-bolge-kalbin-icin-pedalla-turunda-bulustu\/","title":{"rendered":"\u0130stanbul B\u00f6lge \u201cKalbin \u0130\u00e7in Pedalla Turu&#8221;nda Bulu\u015ftu."},"content":{"rendered":"<p>T\u00fcrk Telekom \u0130stanbul Spor kul\u00fcb\u00fcn\u00fcn deste\u011fiyle \u0130stanbul B\u00f6lge M\u00fcd\u00fcrl\u00fc\u011f\u00fcnden arkada\u015flar\u0131m\u0131z\u0131n,\u00a0 7 Ekim 2018 Pazar g\u00fcn\u00fc \u201c<strong>Kalbin i\u00e7in Pedalla- 6.Geleneksel D\u00fcnya Kalp G\u00fcn\u00fc Turu<\/strong>&#8220;na bisikletleriyle kat\u0131ld\u0131\u011f\u0131n\u0131 sizlerle payla\u015fmak isteriz.<\/p>\n<p><em>\u00a0<\/em><\/p>\n<p>\u0130stanbul \u0130l Sa\u011fl\u0131k M\u00fcd\u00fcrl\u00fc\u011f\u00fcnce Kalp sa\u011fl\u0131\u011f\u0131na dikkat \u00e7ekmek amac\u0131yla d\u00fczenlenen organizasyonda kat\u0131l\u0131mc\u0131lar Harbiye- L\u00fctfi K\u0131rdar \u00a0Kongre Merkezi&#8217;nden hareket etmi\u015f, 15 Temmuz \u015eehitler K\u00f6pr\u00fcs\u00fc \u00fczerinden ge\u00e7erek Kad\u0131k\u00f6y -Fenerbah\u00e7e Stad\u0131&#8217;na kadar 17 km pedal \u00e7evirdiler. Arkada\u015flar\u0131m\u0131z biraz yoruldu ama keyifli bir s\u00fcr\u00fc\u015fle turu tamamlad\u0131lar.<\/p>\n<p>&nbsp;<\/p>\n<p>Kat\u0131l\u0131m sa\u011flayan t\u00fcm arkada\u015flar\u0131m\u0131za ve eme\u011fi ge\u00e7enlere te\u015fekk\u00fcr ederiz.<\/p>\n<p>Bilginize sunulur.<\/p>\n<p>&nbsp;<\/p>\n<p>\r\n\t\t\t\t\t\n\r\n\t\t\t\t\t<!-- START UNITE GALLERY LITE 1.7.54 -->\r\n\t\t\t\t\t\r\n\t\t\t\t\n\t\t\t<div id='unitegallery_31_1' class='unite-gallery' style='margin:0px auto;'>\n\t\t\t\t\n\n\t\t\t\t\t\t<img alt=\"PHOTO-2018-10-07-10-19-41\"\n\t\t\t\t\t\t     src=\"\" data-image=\"https:\/\/www.ttistanbulspor.org\/wp-content\/uploads\/2018\/10\/PHOTO-2018-10-07-10-19-41-1.jpg\"\n\t\t\t\t\t\t     data-thumb=\"https:\/\/www.ttistanbulspor.org\/wp-content\/uploads\/2018\/10\/PHOTO-2018-10-07-10-19-41-1-300x225.jpg\"\n\t\t\t\t\t\t     title=\"\"\n\t\t\t\t\t\t     style=\"display:none\">\n\n\t\t\t\t\t\t<img alt=\"PHOTO-2018-10-07-11-56-35\"\n\t\t\t\t\t\t     src=\"\" data-image=\"https:\/\/www.ttistanbulspor.org\/wp-content\/uploads\/2018\/10\/PHOTO-2018-10-07-11-56-35.jpg\"\n\t\t\t\t\t\t     data-thumb=\"https:\/\/www.ttistanbulspor.org\/wp-content\/uploads\/2018\/10\/PHOTO-2018-10-07-11-56-35-300x169.jpg\"\n\t\t\t\t\t\t     title=\"\"\n\t\t\t\t\t\t     style=\"display:none\">\n\n\t\t\t\t\t\t<img alt=\"PHOTO-2018-10-07-14-17-34\"\n\t\t\t\t\t\t     src=\"\" data-image=\"https:\/\/www.ttistanbulspor.org\/wp-content\/uploads\/2018\/10\/PHOTO-2018-10-07-14-17-34.jpg\"\n\t\t\t\t\t\t     data-thumb=\"https:\/\/www.ttistanbulspor.org\/wp-content\/uploads\/2018\/10\/PHOTO-2018-10-07-14-17-34-300x169.jpg\"\n\t\t\t\t\t\t     title=\"\"\n\t\t\t\t\t\t     style=\"display:none\">\n\n\t\t\t\t\t\t<img alt=\"PHOTO-2018-10-08-10-04-38\"\n\t\t\t\t\t\t     src=\"\" data-image=\"https:\/\/www.ttistanbulspor.org\/wp-content\/uploads\/2018\/10\/PHOTO-2018-10-08-10-04-38.jpg\"\n\t\t\t\t\t\t     data-thumb=\"https:\/\/www.ttistanbulspor.org\/wp-content\/uploads\/2018\/10\/PHOTO-2018-10-08-10-04-38-300x225.jpg\"\n\t\t\t\t\t\t     title=\"\"\n\t\t\t\t\t\t     style=\"display:none\">\n\t\t\t<\/div>\n\n\t\t\t<script type='text\/javascript'>\n\t\t\t\twindow.onload = function(e) {\n\t\t\t\t\tif(typeof ugCheckForErrors == \"undefined\"){\n\t\t\t\t\t\tdocument.getElementById(\"unitegallery_31_1\").innerHTML = \"<span style='color:red'>Unite Gallery Error - gallery js and css files not included in the footer. Please make sure that wp_footer() function is added to your theme.<\/span>\";}\n\t\t\t\t\telse{ ugCheckForErrors(\"unitegallery_31_1\", \"jquery\");}\n\t\t\t\t};\n\t\t\t<\/script>\n\n\t\t\t<!-- END UNITEGALLERY LITE--><\/p>\n<p>&nbsp;<\/p>\n","protected":false},"excerpt":{"rendered":"<p>T\u00fcrk Telekom \u0130stanbul Spor kul\u00fcb\u00fcn\u00fcn deste\u011fiyle \u0130stanbul B\u00f6lge M\u00fcd\u00fcrl\u00fc\u011f\u00fcnden arkada\u015flar\u0131m\u0131z\u0131n,\u00a0 7 Ekim 2018 Pazar g\u00fcn\u00fc [&#8230;]<\/p>\n","protected":false},"author":1,"featured_media":6509,"comment_status":"open","ping_status":"open","sticky":false,"template":"","format":"standard","meta":{"footnotes":""},"categories":[771,171],"tags":[],"class_list":["post-6507","post","type-post","status-publish","format-standard","has-post-thumbnail","hentry","category-arsivimiz","category-etkinlikler"],"_links":{"self":[{"href":"https:\/\/www.ttistanbulspor.org\/index.php\/wp-json\/wp\/v2\/posts\/6507","targetHints":{"allow":["GET"]}}],"collection":[{"href":"https:\/\/www.ttistanbulspor.org\/index.php\/wp-json\/wp\/v2\/posts"}],"about":[{"href":"https:\/\/www.ttistanbulspor.org\/index.php\/wp-json\/wp\/v2\/types\/post"}],"author":[{"embeddable":true,"href":"https:\/\/www.ttistanbulspor.org\/index.php\/wp-json\/wp\/v2\/users\/1"}],"replies":[{"embeddable":true,"href":"https:\/\/www.ttistanbulspor.org\/index.php\/wp-json\/wp\/v2\/comments?post=6507"}],"version-history":[{"count":11,"href":"https:\/\/www.ttistanbulspor.org\/index.php\/wp-json\/wp\/v2\/posts\/6507\/revisions"}],"predecessor-version":[{"id":6517,"href":"https:\/\/www.ttistanbulspor.org\/index.php\/wp-json\/wp\/v2\/posts\/6507\/revisions\/6517"}],"wp:featuredmedia":[{"embeddable":true,"href":"https:\/\/www.ttistanbulspor.org\/index.php\/wp-json\/wp\/v2\/media\/6509"}],"wp:attachment":[{"href":"https:\/\/www.ttistanbulspor.org\/index.php\/wp-json\/wp\/v2\/media?parent=6507"}],"wp:term":[{"taxonomy":"category","embeddable":true,"href":"https:\/\/www.ttistanbulspor.org\/index.php\/wp-json\/wp\/v2\/categories?post=6507"},{"taxonomy":"post_tag","embeddable":true,"href":"https:\/\/www.ttistanbulspor.org\/index.php\/wp-json\/wp\/v2\/tags?post=6507"}],"curies":[{"name":"wp","href":"https:\/\/api.w.org\/{rel}","templated":true}]}}