{"id":6316,"date":"2018-09-27T09:37:21","date_gmt":"2018-09-27T06:37:21","guid":{"rendered":"http:\/\/www.ttistanbulspor.org\/?p=6316"},"modified":"2021-12-24T13:14:44","modified_gmt":"2021-12-24T10:14:44","slug":"istanbul-bolge-mudurlugu-hafta-sonu-cumalikizik-mudanya-trilyedeydi","status":"publish","type":"post","link":"https:\/\/www.ttistanbulspor.org\/index.php\/2018\/09\/27\/istanbul-bolge-mudurlugu-hafta-sonu-cumalikizik-mudanya-trilyedeydi\/","title":{"rendered":"\u0130stanbul B\u00f6lge M\u00fcd\u00fcrl\u00fc\u011f\u00fc hafta sonu Cumal\u0131k\u0131z\u0131k-Mudanya-Trilye\u2019deydi."},"content":{"rendered":"<p style=\"text-align: left;\">\u0130stanbul B\u00f6lge M\u00fcd\u00fcrl\u00fc\u011f\u00fc&#8217;nden arkada\u015flar\u0131m\u0131z\u0131n 23 Eyl\u00fcl 2018 Pazar g\u00fcn\u00fc \u201cCumal\u0131k\u0131z\u0131k-Mudanya-Trilye\u201d gezisinde bir araya geldi\u011fi bilgisini payla\u015fmak istiyoruz..<\/p>\n<p style=\"text-align: left;\">Daha \u00f6nce Bursa&#8217;ya, merkezine gidilmi\u015f ve \u00a0\u015fehrin merkezine yak\u0131n olan \u00fc\u00e7 farkl\u0131 nokta i\u00e7in tekrar biraraya gelmi\u015f ve \u015firin bir k\u00f6y olan Cumal\u0131k\u0131z\u0131k\u2019\u0131n rengarenk evleri ve tarihi dokusuyla gezilerine ba\u015flam\u0131\u015flard\u0131r.<\/p>\n<p style=\"text-align: left;\">Daha sonraki durak, Kurtulu\u015f Sava\u015f\u0131 sonras\u0131nda imzalanan \u2018\u2019Mudanya Ate\u015fkes Antla\u015fmas\u0131\u2019\u2019 ile tarihimizde b\u00fcy\u00fck bir \u00f6neme sahip olan Mudanya il\u00e7esi ve son olarak zeytinleriyle \u00fcnl\u00fc k\u00fc\u00e7\u00fck bir sahil kasabas\u0131 olarak bilinen Trilye (yeni ad\u0131 ile Zeytinba\u011f\u0131) ile gezileri \u00a0sonlanm\u0131\u015ft\u0131r.<\/p>\n<p style=\"text-align: left;\">T\u00fcm kat\u0131l\u0131mc\u0131lara ve eme\u011fi ge\u00e7en herkese te\u015fekk\u00fcr ederiz.<\/p>\n<p style=\"text-align: left;\">Bilginize sunulur.<\/p>\n<p>&nbsp;<\/p>\n<p>\r\n\t\t\t\t\t\n\r\n\t\t\t\t\t<!-- START UNITE GALLERY LITE 1.7.54 -->\r\n\t\t\t\t\t\r\n\t\t\t\t\n\t\t\t<div id='unitegallery_30_1' class='unite-gallery' style='margin:0px auto;'>\n\t\t\t\t\n\n\t\t\t\t\t\t<img alt=\"1\"\n\t\t\t\t\t\t     src=\"\" data-image=\"https:\/\/www.ttistanbulspor.org\/wp-content\/uploads\/2018\/09\/1.jpg\"\n\t\t\t\t\t\t     data-thumb=\"https:\/\/www.ttistanbulspor.org\/wp-content\/uploads\/2018\/09\/1-300x199.jpg\"\n\t\t\t\t\t\t     title=\"\"\n\t\t\t\t\t\t     style=\"display:none\">\n\n\t\t\t\t\t\t<img alt=\"2\"\n\t\t\t\t\t\t     src=\"\" data-image=\"https:\/\/www.ttistanbulspor.org\/wp-content\/uploads\/2018\/09\/2.jpg\"\n\t\t\t\t\t\t     data-thumb=\"https:\/\/www.ttistanbulspor.org\/wp-content\/uploads\/2018\/09\/2-300x199.jpg\"\n\t\t\t\t\t\t     title=\"\"\n\t\t\t\t\t\t     style=\"display:none\">\n\n\t\t\t\t\t\t<img alt=\"3\"\n\t\t\t\t\t\t     src=\"\" data-image=\"https:\/\/www.ttistanbulspor.org\/wp-content\/uploads\/2018\/09\/3.jpg\"\n\t\t\t\t\t\t     data-thumb=\"https:\/\/www.ttistanbulspor.org\/wp-content\/uploads\/2018\/09\/3-300x199.jpg\"\n\t\t\t\t\t\t     title=\"\"\n\t\t\t\t\t\t     style=\"display:none\">\n\n\t\t\t\t\t\t<img alt=\"4\"\n\t\t\t\t\t\t     src=\"\" data-image=\"https:\/\/www.ttistanbulspor.org\/wp-content\/uploads\/2018\/09\/4.jpg\"\n\t\t\t\t\t\t     data-thumb=\"https:\/\/www.ttistanbulspor.org\/wp-content\/uploads\/2018\/09\/4-300x199.jpg\"\n\t\t\t\t\t\t     title=\"\"\n\t\t\t\t\t\t     style=\"display:none\">\n\n\t\t\t\t\t\t<img alt=\"5\"\n\t\t\t\t\t\t     src=\"\" data-image=\"https:\/\/www.ttistanbulspor.org\/wp-content\/uploads\/2018\/09\/5.jpg\"\n\t\t\t\t\t\t     data-thumb=\"https:\/\/www.ttistanbulspor.org\/wp-content\/uploads\/2018\/09\/5-300x199.jpg\"\n\t\t\t\t\t\t     title=\"\"\n\t\t\t\t\t\t     style=\"display:none\">\n\n\t\t\t\t\t\t<img alt=\"6\"\n\t\t\t\t\t\t     src=\"\" data-image=\"https:\/\/www.ttistanbulspor.org\/wp-content\/uploads\/2018\/09\/6.jpg\"\n\t\t\t\t\t\t     data-thumb=\"https:\/\/www.ttistanbulspor.org\/wp-content\/uploads\/2018\/09\/6-300x199.jpg\"\n\t\t\t\t\t\t     title=\"\"\n\t\t\t\t\t\t     style=\"display:none\">\n\n\t\t\t\t\t\t<img alt=\"7\"\n\t\t\t\t\t\t     src=\"\" data-image=\"https:\/\/www.ttistanbulspor.org\/wp-content\/uploads\/2018\/09\/7.jpg\"\n\t\t\t\t\t\t     data-thumb=\"https:\/\/www.ttistanbulspor.org\/wp-content\/uploads\/2018\/09\/7-300x199.jpg\"\n\t\t\t\t\t\t     title=\"\"\n\t\t\t\t\t\t     style=\"display:none\">\n\t\t\t<\/div>\n\n\t\t\t<script type='text\/javascript'>\n\t\t\t\twindow.onload = function(e) {\n\t\t\t\t\tif(typeof ugCheckForErrors == \"undefined\"){\n\t\t\t\t\t\tdocument.getElementById(\"unitegallery_30_1\").innerHTML = \"<span style='color:red'>Unite Gallery Error - gallery js and css files not included in the footer. Please make sure that wp_footer() function is added to your theme.<\/span>\";}\n\t\t\t\t\telse{ ugCheckForErrors(\"unitegallery_30_1\", \"jquery\");}\n\t\t\t\t};\n\t\t\t<\/script>\n\n\t\t\t<!-- END UNITEGALLERY LITE--><\/p>\n","protected":false},"excerpt":{"rendered":"<p>\u0130stanbul B\u00f6lge M\u00fcd\u00fcrl\u00fc\u011f\u00fc&#8217;nden arkada\u015flar\u0131m\u0131z\u0131n 23 Eyl\u00fcl 2018 Pazar g\u00fcn\u00fc \u201cCumal\u0131k\u0131z\u0131k-Mudanya-Trilye\u201d gezisinde bir araya geldi\u011fi bilgisini [&#8230;]<\/p>\n","protected":false},"author":1,"featured_media":6325,"comment_status":"open","ping_status":"open","sticky":false,"template":"","format":"standard","meta":{"footnotes":""},"categories":[771,171],"tags":[],"class_list":["post-6316","post","type-post","status-publish","format-standard","has-post-thumbnail","hentry","category-arsivimiz","category-etkinlikler"],"_links":{"self":[{"href":"https:\/\/www.ttistanbulspor.org\/index.php\/wp-json\/wp\/v2\/posts\/6316","targetHints":{"allow":["GET"]}}],"collection":[{"href":"https:\/\/www.ttistanbulspor.org\/index.php\/wp-json\/wp\/v2\/posts"}],"about":[{"href":"https:\/\/www.ttistanbulspor.org\/index.php\/wp-json\/wp\/v2\/types\/post"}],"author":[{"embeddable":true,"href":"https:\/\/www.ttistanbulspor.org\/index.php\/wp-json\/wp\/v2\/users\/1"}],"replies":[{"embeddable":true,"href":"https:\/\/www.ttistanbulspor.org\/index.php\/wp-json\/wp\/v2\/comments?post=6316"}],"version-history":[{"count":5,"href":"https:\/\/www.ttistanbulspor.org\/index.php\/wp-json\/wp\/v2\/posts\/6316\/revisions"}],"predecessor-version":[{"id":6331,"href":"https:\/\/www.ttistanbulspor.org\/index.php\/wp-json\/wp\/v2\/posts\/6316\/revisions\/6331"}],"wp:featuredmedia":[{"embeddable":true,"href":"https:\/\/www.ttistanbulspor.org\/index.php\/wp-json\/wp\/v2\/media\/6325"}],"wp:attachment":[{"href":"https:\/\/www.ttistanbulspor.org\/index.php\/wp-json\/wp\/v2\/media?parent=6316"}],"wp:term":[{"taxonomy":"category","embeddable":true,"href":"https:\/\/www.ttistanbulspor.org\/index.php\/wp-json\/wp\/v2\/categories?post=6316"},{"taxonomy":"post_tag","embeddable":true,"href":"https:\/\/www.ttistanbulspor.org\/index.php\/wp-json\/wp\/v2\/tags?post=6316"}],"curies":[{"name":"wp","href":"https:\/\/api.w.org\/{rel}","templated":true}]}}