{"id":44278,"date":"2022-04-12T18:34:09","date_gmt":"2022-04-12T15:34:09","guid":{"rendered":"http:\/\/www.ttistanbulspor.org\/?p=44278"},"modified":"2022-04-22T16:25:05","modified_gmt":"2022-04-22T13:25:05","slug":"bir-yildiz-dalici-egitimi","status":"publish","type":"post","link":"https:\/\/www.ttistanbulspor.org\/index.php\/2022\/04\/12\/bir-yildiz-dalici-egitimi\/","title":{"rendered":"Bir Y\u0131ld\u0131z Dal\u0131c\u0131 E\u011fitimi"},"content":{"rendered":"\n<p>Etkinli\u011fimiz hakk\u0131ndaki sorular\u0131n\u0131z\u0131 istbolgesosyaletkinlikler@turktelekom.com.tr e-posta adresimize sorunuz.<\/p>\n\n\n\n<p><\/p>\n\n\n\n<p><\/p>\n\n\n\n<p><\/p>\n\n\n\n<p>\u0130STANBUL T\u00dcRK TELEKOM SPOR DALI\u015e KUL\u00dcB\u00dc<br>1 YILDIZ DALICI E\u011e\u0130T\u0130M\u0130<br>*1 y\u0131ld\u0131z dal\u0131c\u0131 e\u011fitimleri May\u0131s ay\u0131nda ba\u015flayacakt\u0131r.<br> *Kul\u00fcb\u00fcm\u00fcz\u00fcn organizesinde yap\u0131lacak olan e\u011fitimin sonunda T\u00fcrkiye Sualt\u0131 Sporlar\u0131 Federasyonundan onayl\u0131 ba\u015flang\u0131\u00e7 seviyesi TSSF\/CMAS 1 y\u0131ld\u0131z dal\u0131c\u0131 br\u00f6vesine sahip olunacakt\u0131r.<br>* E\u011fitime y\u00fczme bilen spor kul\u00fcb\u00fc \u00fcyeleri ve \u00fcyelerin 1. derece yeti\u015fkin yak\u0131nlar\u0131 kat\u0131l\u0131m sa\u011flayabilmektedir.<br>*E\u011fitim ba\u015fvuru yapan t\u00fcm kat\u0131l\u0131mc\u0131lar\u0131n \u00c7apa Su Alt\u0131 Hekimli\u011finden sa\u011fl\u0131k raporu almas\u0131 gerekmektedir. (Y\u00f6nlendirilmesi kul\u00fcb\u00fcm\u00fcz taraf\u0131ndan yap\u0131lacakt\u0131r)<br>*Son kat\u0131l\u0131m tarihi: 25 Nisan Pazartesi g\u00fcn\u00fcd\u00fcr.<br>* E\u011fitimler teorik, havuz ve a\u00e7\u0131k denizde olmak \u00fczere 3 par\u00e7a halinde yap\u0131lacak olup e\u011fitim plan\u0131 a\u015fa\u011f\u0131daki gibidir:<\/p>\n\n\n\n<ol class=\"wp-block-list\"><li>Teorik E\u011fitim:<\/li><\/ol>\n\n\n\n<ul class=\"wp-block-list\"><li>Teorik e\u011fitim tarihleri 9-12 May\u0131s tarihleri aras\u0131nda y\u00fcz y\u00fcze ve Skype \u00fczerinden yap\u0131lacakt\u0131r.<\/li><li>Kat\u0131l\u0131mc\u0131lar\u0131n y\u00fcz y\u00fcze kat\u0131l\u0131m\u0131 tercihimizdir, yaln\u0131z uygun olmayanlar Skype \u00fczerinden de kat\u0131l\u0131m sa\u011flayabilecektir.<\/li><li>E\u011fitimler 9-12 May\u0131s tarihlerinde her g\u00fcn 17:30-19:30 saatleri aras\u0131nda &#8211; y\u00fcz y\u00fcze olanlar B\u00f6lge M\u00fcd\u00fcrl\u00fc\u011f\u00fcm\u00fcz Konferans Salonunda- yap\u0131lacakt\u0131r.<\/li><\/ul>\n\n\n\n<ol class=\"wp-block-list\"><li>Havuz E\u011fitimi:<\/li><\/ol>\n\n\n\n<ul class=\"wp-block-list\"><li>Havuz e\u011fitimi 21-22 May\u0131s tarihlerinde yap\u0131lacakt\u0131r.<\/li><li>1 g\u00fcn kat\u0131l\u0131m olacakt\u0131r.<\/li><li>E\u011fitim yeri bilgisi teorik e\u011fitimde kat\u0131l\u0131mc\u0131lara iletilecektir.<\/li><\/ul>\n\n\n\n<ol class=\"wp-block-list\"><li>A\u00e7\u0131k Deniz E\u011fitim:<\/li><\/ol>\n\n\n\n<ul class=\"wp-block-list\"><li>A\u00e7\u0131k deniz e\u011fitimi 28-29 May\u0131s ve 4-5 Haziran tarihlerinde iki grup halinde yap\u0131lmas\u0131 planlanmaktad\u0131r.<\/li><li>Kat\u0131l\u0131m durumuna g\u00f6re grup say\u0131s\u0131 artt\u0131r\u0131labilir.<\/li><li>E\u011fitim yeri Gemlik\u2019te olup, 4 adet a\u00e7\u0131k deniz e\u011fitim dal\u0131\u015f\u0131 yap\u0131lacakt\u0131r.<br>*D\u00fcnya \u00e7ap\u0131nda ge\u00e7erlili\u011fi olan bu br\u00f6veyi alan kat\u0131l\u0131mc\u0131larla ileriki s\u00fcre\u00e7te farkl\u0131 dal\u0131\u015f noktalar\u0131nda dal\u0131\u015f organizasyonlar\u0131 yap\u0131lmas\u0131 planlanmaktad\u0131r.<br>*\u00dccret; SSF\/CMAS 1 y\u0131ld\u0131z dal\u0131c\u0131 br\u00f6vesi i\u00e7in olan t\u00fcm e\u011fitimleri, ula\u015f\u0131m\u0131, konaklama ve planl\u0131 yeme i\u00e7me masraflar\u0131n\u0131 (1. g\u00fcn \u00f6\u011fle ve ak\u015fam yeme\u011fi, 2. g\u00fcn sabah kahvalt\u0131s\u0131, \u00f6\u011fle yeme\u011fi ve ak\u015fam at\u0131\u015ft\u0131rmal\u0131\u011f\u0131) i\u00e7ermektedir.<br>* Sa\u011fl\u0131k raporu i\u00e7in gerekli harcamalar fiyata d\u00e2hil de\u011fildir.<br>* \u00dcye olmayan \u00e7al\u0131\u015fanlar \u00fcye olduklar\u0131 takdirde kendileri ve 1. dereceden yak\u0131nlar\u0131 indirimli fiyattan (1500 TL) faydalanabilir.<br>*\u00d6demeler tek seferde olabilece\u011fi gibi 1 May\u0131s ve 1 Haziran tarihlerinde iki taksit halinde yap\u0131labilir.<br>*E\u011fitimlerde kontenjan s\u0131n\u0131r\u0131 olmakla birlikte belirli bir say\u0131ya ula\u015fmayan gruplar de\u011ferlendirilerek yeniden planlama yap\u0131lacakt\u0131r.<br>*E\u011fitim ile ilgili sorular\u0131n\u0131z\u0131 kul\u00fcp sorumlumuz Hasan Erbay Bey\u2019e hasan.erbay@turktelekom.com.tr ve istbolgesosyaletkinlikler@turktelekom.com.tr adresine iletebilirsiniz.<br><br>* T\u00fcm kat\u0131l\u0131mc\u0131lara keyifli ve verimli bir e\u011fitim dileriz.<\/li><\/ul>\n\n\n\n<figure class=\"wp-block-gallery has-nested-images columns-default is-cropped wp-block-gallery-1 is-layout-flex wp-block-gallery-is-layout-flex\">\n<figure class=\"wp-block-image size-large\"><img loading=\"lazy\" decoding=\"async\" width=\"720\" height=\"1024\" data-id=\"44280\" src=\"http:\/\/www.ttistanbulspor.org\/wp-content\/uploads\/2022\/04\/1-1-720x1024.jpg\" alt=\"\" class=\"wp-image-44280\" srcset=\"https:\/\/www.ttistanbulspor.org\/wp-content\/uploads\/2022\/04\/1-1-720x1024.jpg 720w, https:\/\/www.ttistanbulspor.org\/wp-content\/uploads\/2022\/04\/1-1-211x300.jpg 211w, https:\/\/www.ttistanbulspor.org\/wp-content\/uploads\/2022\/04\/1-1-768x1092.jpg 768w, https:\/\/www.ttistanbulspor.org\/wp-content\/uploads\/2022\/04\/1-1-540x768.jpg 540w, https:\/\/www.ttistanbulspor.org\/wp-content\/uploads\/2022\/04\/1-1-1080x1536.jpg 1080w, https:\/\/www.ttistanbulspor.org\/wp-content\/uploads\/2022\/04\/1-1-600x853.jpg 600w, https:\/\/www.ttistanbulspor.org\/wp-content\/uploads\/2022\/04\/1-1.jpg 1175w\" sizes=\"auto, (max-width: 720px) 100vw, 720px\" \/><\/figure>\n<\/figure>\n","protected":false},"excerpt":{"rendered":"<p>Etkinli\u011fimiz hakk\u0131ndaki sorular\u0131n\u0131z\u0131 istbolgesosyaletkinlikler@turktelekom.com.tr e-posta adresimize sorunuz. \u0130STANBUL T\u00dcRK TELEKOM SPOR DALI\u015e KUL\u00dcB\u00dc1 YILDIZ DALICI [&#8230;]<\/p>\n","protected":false},"author":1,"featured_media":44764,"comment_status":"open","ping_status":"open","sticky":false,"template":"","format":"standard","meta":{"footnotes":""},"categories":[1],"tags":[],"class_list":["post-44278","post","type-post","status-publish","format-standard","has-post-thumbnail","hentry","category-kulup"],"_links":{"self":[{"href":"https:\/\/www.ttistanbulspor.org\/index.php\/wp-json\/wp\/v2\/posts\/44278","targetHints":{"allow":["GET"]}}],"collection":[{"href":"https:\/\/www.ttistanbulspor.org\/index.php\/wp-json\/wp\/v2\/posts"}],"about":[{"href":"https:\/\/www.ttistanbulspor.org\/index.php\/wp-json\/wp\/v2\/types\/post"}],"author":[{"embeddable":true,"href":"https:\/\/www.ttistanbulspor.org\/index.php\/wp-json\/wp\/v2\/users\/1"}],"replies":[{"embeddable":true,"href":"https:\/\/www.ttistanbulspor.org\/index.php\/wp-json\/wp\/v2\/comments?post=44278"}],"version-history":[{"count":6,"href":"https:\/\/www.ttistanbulspor.org\/index.php\/wp-json\/wp\/v2\/posts\/44278\/revisions"}],"predecessor-version":[{"id":44765,"href":"https:\/\/www.ttistanbulspor.org\/index.php\/wp-json\/wp\/v2\/posts\/44278\/revisions\/44765"}],"wp:featuredmedia":[{"embeddable":true,"href":"https:\/\/www.ttistanbulspor.org\/index.php\/wp-json\/wp\/v2\/media\/44764"}],"wp:attachment":[{"href":"https:\/\/www.ttistanbulspor.org\/index.php\/wp-json\/wp\/v2\/media?parent=44278"}],"wp:term":[{"taxonomy":"category","embeddable":true,"href":"https:\/\/www.ttistanbulspor.org\/index.php\/wp-json\/wp\/v2\/categories?post=44278"},{"taxonomy":"post_tag","embeddable":true,"href":"https:\/\/www.ttistanbulspor.org\/index.php\/wp-json\/wp\/v2\/tags?post=44278"}],"curies":[{"name":"wp","href":"https:\/\/api.w.org\/{rel}","templated":true}]}}